[{"@context":"https:\/\/schema.org\/","@type":"Article","@id":"https:\/\/www.meu.sk\/zaujmite-elegantne\/#Article","mainEntityOfPage":"https:\/\/www.meu.sk\/zaujmite-elegantne\/","headline":"Zaujmite elegantne","name":"Zaujmite elegantne","description":"Ako m\u00e1 dne\u0161n\u00e1 \u017eena zauja\u0165? Nie ka\u017ed\u00fd sa r\u00e1d oblieka v\u00fdstredne. Aj ke\u010f sa ob\u010das chceme c\u00edti\u0165 naozaj ve\u013emi sexi, by\u0165 sexi neznamen\u00e1, \u017ee zo seba budeme ukazova\u0165 ka\u017ed\u00fd jeden k\u00fasok ko\u017ee. O tom to predsa nikdy nebolo a ani nikdy nebude. No ka\u017ed\u00e1 z n\u00e1s m\u00e1 ob\u010das chu\u0165 zakri\u010da\u0165 do sveta, \u017ee je tu. [&hellip;]","datePublished":"2017-05-19","dateModified":"2017-05-19","author":{"@type":"Person","@id":"https:\/\/www.meu.sk\/author\/#Person","name":"","url":"https:\/\/www.meu.sk\/author\/","identifier":1,"image":{"@type":"ImageObject","@id":"https:\/\/secure.gravatar.com\/avatar\/ed80251b84ed676fcd71ef963d220ceeed5d461f9c4be55eee40f0fa01d17ef9?s=96&d=mm&r=g","url":"https:\/\/secure.gravatar.com\/avatar\/ed80251b84ed676fcd71ef963d220ceeed5d461f9c4be55eee40f0fa01d17ef9?s=96&d=mm&r=g","height":96,"width":96}},"publisher":{"@type":"Organization","name":"meu.sk","logo":{"@type":"ImageObject","@id":"\/logo.png","url":"\/logo.png","width":600,"height":60}},"image":{"@type":"ImageObject","@id":"https:\/\/www.meu.sk\/wp-content\/uploads\/img_a281550_w2011_t1501052615.jpg","url":"https:\/\/www.meu.sk\/wp-content\/uploads\/img_a281550_w2011_t1501052615.jpg","height":0,"width":0},"url":"https:\/\/www.meu.sk\/zaujmite-elegantne\/","about":["Elektro"],"wordCount":438,"articleBody":"Ako m\u00e1 dne\u0161n\u00e1 \u017eena zauja\u0165? Nie ka\u017ed\u00fd sa r\u00e1d oblieka v\u00fdstredne. Aj ke\u010f sa ob\u010das chceme c\u00edti\u0165 naozaj ve\u013emi sexi, by\u0165 sexi neznamen\u00e1, \u017ee zo seba budeme ukazova\u0165 ka\u017ed\u00fd jeden k\u00fasok ko\u017ee. O tom to predsa nikdy nebolo a ani nikdy nebude. No ka\u017ed\u00e1 z n\u00e1s m\u00e1 ob\u010das chu\u0165 zakri\u010da\u0165 do sveta, \u017ee je tu. \u017de je \u017eena a \u017ee sa chce p\u00e1\u010di\u0165 za ka\u017ed\u00fa cenu. No ako to urobi\u0165?M\u00e1 ka\u017ed\u00e1 z n\u00e1s odvahu v\u00fdstredne sa oblieka\u0165? Odpove\u010f je jednoduch\u00e1. Nie, nem\u00e1. Dokonca by sme si mohli dovoli\u0165 tvrdi\u0165, \u017ee ani z\u010faleka. \u010co to v\u0161ak znamen\u00e1? \u017de v\u00e4\u010d\u0161ina z n\u00e1s v sebe nem\u00e1 ve\u013ea odvahy? To ale absol\u00fatne nie je pravda. Len nie ka\u017ed\u00e1 z n\u00e1s m\u00e1 na to, aby si na seba obliekla hoci\u010do, \u010do je modern\u00e9 a \u010do zaujme. Krik\u013eav\u00e9 tri\u010dk\u00e1 alebo pr\u00edli\u0161 roztrhan\u00e9 rifle predsa nie s\u00fa \u0161t\u00fdl ka\u017edej z n\u00e1s. Takisto ako \u0161aty a minisukne. A u\u017e v\u00f4bec nie vysok\u00e9 op\u00e4tky. O \u017een\u00e1ch to v\u0161ak vypoved\u00e1 iba to, \u017ee presne vedia, \u010do chc\u00fa. V\u00fdstredn\u00e9 oble\u010denie teda nie je cesta.Hod\u00ed sa ka\u017edej z n\u00e1s v\u00fdrazn\u00e9 l\u00ed\u010denie? Op\u00e4\u0165 t\u00e1 ist\u00e1 odpove\u010f. Nie, nehod\u00ed. A je to pochopite\u013en\u00e9. Nem\u00f4\u017ee sa jedna vec hodi\u0165 v\u0161etk\u00fdm nav\u00f4kol. Potom by sme asi neboli ve\u013emi origin\u00e1lny, nem\u00e1me pravdu? No ob\u010das je potrebn\u00e9 prem\u00fd\u0161\u013ea\u0165 aj nad v\u00fdrazn\u00fdm l\u00ed\u010den\u00edm. No ka\u017ed\u00e1 z n\u00e1s tento pojem vn\u00edma inak. \u010co je pre jednu \u017eenu v\u00fdrazn\u00e9, je pre druh\u00fa jemn\u00e9 a naopak. Je to jednoducho fakt. D\u00e1 sa ale zauja\u0165 aj inak ako l\u00ed\u010den\u00edm alebo obliekan\u00edm?A \u010do v\u00fdrazn\u00e1 manik\u00fara? Op\u00e4\u0165, ka\u017ed\u00e1 z n\u00e1s je in\u00e1. No tu m\u00e1te najviac mo\u017enost\u00ed, ako experimentova\u0165. Nemus\u00edte si necha\u0165 zni\u010di\u0165 ruky chemik\u00e1liami, gel lak na nechty je ide\u00e1lny pre ka\u017ed\u00fa \u017eenu, ktor\u00e1 chce ma\u0165 perfektn\u00fa manik\u00faru, no z\u00e1rove\u0148 nechce riskova\u0165 zdravie svojich r\u00fak. M\u00e1te ne v\u00fdber obrovsk\u00e9 mno\u017estvo mo\u017enost\u00ed a \u010do je naozaj v\u00fdhoda, \u017ee ich m\u00f4\u017eete kedyko\u013evek meni\u0165. M\u00f4\u017eete si s nimi ladi\u0165 oble\u010denie alebo ich necha\u0165, aby ich kr\u00e1sa naplno vynikla. Je to len na v\u00e1s. No ak je nie\u010do, s c\u00edm budete ur\u010dite spokojn\u00e1, je to pr\u00e1ve toto.                                                                                                                                                                                                                                                                                                                                                                                        4.5\/5 - (2 votes)        "},{"@context":"https:\/\/schema.org\/","@type":"BreadcrumbList","itemListElement":[{"@type":"ListItem","position":1,"name":"Zaujmite elegantne","item":"https:\/\/www.meu.sk\/zaujmite-elegantne\/#breadcrumbitem"}]}]