[{"@context":"https:\/\/schema.org\/","@type":"Article","@id":"https:\/\/www.meu.sk\/vyjadrite-sa-manikurou\/#Article","mainEntityOfPage":"https:\/\/www.meu.sk\/vyjadrite-sa-manikurou\/","headline":"Vyjadrite sa manik\u00farou","name":"Vyjadrite sa manik\u00farou","description":"Viete, ak\u00fd maj\u00fa v dne\u0161nej dobe \u017eeny probl\u00e9m so sebavyjadren\u00edm? \u010coko\u013evek si vymysl\u00edme, st\u00e1le sme kv\u00f4li tomu odsudzovan\u00e9. Mnoh\u00ed \u013eudia nad nami jednoducho len kr\u00fatia hlavami. Ale my takto nechceme \u017ei\u0165. Chceme si obliec\u0165 \u00faplne hoci\u010do. Chceme vyzera\u0165 tak, ako sa n\u00e1m p\u00e1\u010di. A v\u00f4bec, pre\u010do by n\u00e1s mal niekto rie\u0161i\u0165? Stalo sa v\u00e1m niekedy, [&hellip;]","datePublished":"2017-10-20","dateModified":"2017-10-20","author":{"@type":"Person","@id":"https:\/\/www.meu.sk\/author\/#Person","name":"","url":"https:\/\/www.meu.sk\/author\/","identifier":1,"image":{"@type":"ImageObject","@id":"https:\/\/secure.gravatar.com\/avatar\/ed80251b84ed676fcd71ef963d220ceeed5d461f9c4be55eee40f0fa01d17ef9?s=96&d=mm&r=g","url":"https:\/\/secure.gravatar.com\/avatar\/ed80251b84ed676fcd71ef963d220ceeed5d461f9c4be55eee40f0fa01d17ef9?s=96&d=mm&r=g","height":96,"width":96}},"publisher":{"@type":"Organization","name":"meu.sk","logo":{"@type":"ImageObject","@id":"\/logo.png","url":"\/logo.png","width":600,"height":60}},"image":{"@type":"ImageObject","@id":"https:\/\/www.meu.sk\/wp-content\/uploads\/img_a283862_w16522_t1513769542.jpg","url":"https:\/\/www.meu.sk\/wp-content\/uploads\/img_a283862_w16522_t1513769542.jpg","height":0,"width":0},"url":"https:\/\/www.meu.sk\/vyjadrite-sa-manikurou\/","about":["V\u00fdrobky"],"wordCount":410,"articleBody":"Viete, ak\u00fd maj\u00fa v dne\u0161nej dobe \u017eeny probl\u00e9m so sebavyjadren\u00edm? \u010coko\u013evek si vymysl\u00edme, st\u00e1le sme kv\u00f4li tomu odsudzovan\u00e9. Mnoh\u00ed \u013eudia nad nami jednoducho len kr\u00fatia hlavami. Ale my takto nechceme \u017ei\u0165. Chceme si obliec\u0165 \u00faplne hoci\u010do. Chceme vyzera\u0165 tak, ako sa n\u00e1m p\u00e1\u010di. A v\u00f4bec, pre\u010do by n\u00e1s mal niekto rie\u0161i\u0165? Stalo sa v\u00e1m niekedy, \u017ee si v\u00e1s druh\u00e1 \u017eena nen\u00e1vistlivo prezerala len kv\u00f4li kr\u00e1tkej sukni alebo kv\u00f4li nie\u010domu in\u00e9mu? A ko\u013eko r\u00e1z sa v\u00e1s to skuto\u010dne dotklo? Ver\u00edme, \u017ee ur\u010dite dos\u0165. Vyka\u0161lite sa na to a dajte si na seba, \u010do len chcete.Je jasn\u00e9, \u017ee v\u00e1s bude odsudzova\u0165 naozaj ve\u013emi ve\u013ea \u013eud\u00ed, hlavne vtedy, ke\u010f sa rozhodnete pre nie\u010do odv\u00e1\u017ene. No povedzte si, \u017ee to predsa nie je v\u00e1s probl\u00e9m, ale ich. Vy ste so sebou zmieren\u00e1, no nie? Pre\u010do by ste cel\u00fd v\u00e1\u0161 outfit alebo cel\u00fa va\u0161u ideu e\u0161te nepodporili vhodnou manik\u00farou? Mo\u017eno sa odv\u00e1\u017ene neobliekate, no m\u00f4\u017eete sa sk\u00fasi\u0165 vyjadri\u0165 aj tak\u00fdmto sp\u00f4sobom, nemysl\u00edte? Hlavne vtedy, ke\u010f si nie ste v obliekan\u00ed ist\u00e1, v\u00fdrazn\u00e9 nechty v\u00e1m m\u00f4\u017eu pom\u00f4c\u0165 k tomu, aby ste boli omnoho v\u00fdraznej\u0161ia. Neverili by ste tomu, ako oby\u010dajn\u00e1 manik\u00fara dok\u00e1\u017ee dopom\u00f4c\u0165 k odvahe a k sebavedomiu. Nemyslite si, \u017ee to je zlo\u017eit\u00e9, preto\u017ee v\u00f4bec nie je. Vy si len mus\u00edte vybra\u0165, ak\u00fd \u0161t\u00fdl manik\u00fary sa v\u00e1m p\u00e1\u010di.Najlep\u0161ie na v\u00fdraznej manik\u00fare je, \u017ee si m\u00f4\u017eete zvoli\u0165 aj to, ak\u00fdm \u0161t\u00fdlom ju zosobn\u00edte. Nemyslite si, \u017ee sta\u010d\u00ed len tak si ju nalakova\u0165. Ak ste o nej presved\u010den\u00e1, budete ju chcie\u0165 ma\u0165 na nechtoch dlh\u0161ie. A je fajn, \u017ee v dne\u0161nej dobe m\u00e1me mno\u017estvo mo\u017enost\u00ed, ako to dosiahnu\u0165. Pokojne m\u00f4\u017eete ma\u0165 g\u00e9lov\u00e9, umel\u00e9 \u010di akrylov\u00e9 nechty. Je to len na v\u00e1s a na va\u0161om rozhodnut\u00ed. A to je jednozna\u010dne nie\u010do, \u010do je pre mnoh\u00e9 \u017eeny maxim\u00e1lne sympatick\u00e9. Uvid\u00edte, \u017ee bude aj pre v\u00e1s. Mus\u00edte sa len rozhodn\u00fa\u0165. A to u\u017e nie je tak\u00e9 \u0165a\u017ek\u00e9, no nie? Aspo\u0148 pre tie rozhodn\u00e9 z n\u00e1s.                                                                                                                                                                                                                                                                                                                                                                                        3.2\/5 - (4 votes)        "},{"@context":"https:\/\/schema.org\/","@type":"BreadcrumbList","itemListElement":[{"@type":"ListItem","position":1,"name":"Vyjadrite sa manik\u00farou","item":"https:\/\/www.meu.sk\/vyjadrite-sa-manikurou\/#breadcrumbitem"}]}]