{"@context":"https:\/\/schema.org\/","@type":"CollectionPage","@id":"https:\/\/www.meu.sk\/podnikanie\/#CollectionPage","headline":"Podnikanie Category","description":"","url":"https:\/\/www.meu.sk\/podnikanie\/","hasPart":[{"@type":"Article","@id":"https:\/\/www.meu.sk\/ziadny-anal\/","headline":"\u017diadny an\u00e1l","url":"https:\/\/www.meu.sk\/ziadny-anal\/","datePublished":"2020-07-11","dateModified":"2020-07-11","mainEntityOfPage":"https:\/\/www.meu.sk\/ziadny-anal\/","author":{"@type":"Person","@id":"https:\/\/www.meu.sk\/author\/#Person","name":"","url":"https:\/\/www.meu.sk\/author\/","identifier":1,"image":{"@type":"ImageObject","@id":"https:\/\/secure.gravatar.com\/avatar\/ed80251b84ed676fcd71ef963d220ceeed5d461f9c4be55eee40f0fa01d17ef9?s=96&d=mm&r=g","url":"https:\/\/secure.gravatar.com\/avatar\/ed80251b84ed676fcd71ef963d220ceeed5d461f9c4be55eee40f0fa01d17ef9?s=96&d=mm&r=g","height":96,"width":96}},"publisher":{"@type":"Organization","name":"meu.sk","logo":{"@type":"ImageObject","@id":"\/logo.png","url":"\/logo.png","width":600,"height":60}},"image":{"@type":"ImageObject","@id":"https:\/\/www.meu.sk\/wp-content\/uploads\/ass-4764394_1920.jpg","url":"https:\/\/www.meu.sk\/wp-content\/uploads\/ass-4764394_1920.jpg","height":0,"width":0},"keywords":null},{"@type":"Article","@id":"https:\/\/www.meu.sk\/nepravidelne-slovesa-odkial-pochadzaju-a-preco-ich-anglictina-potrebuje\/","headline":"Nepravideln\u00e9 sloves\u00e1 \u2013 odkia\u013e poch\u00e1dzaj\u00fa a pre\u010do ich angli\u010dtina potrebuje?","url":"https:\/\/www.meu.sk\/nepravidelne-slovesa-odkial-pochadzaju-a-preco-ich-anglictina-potrebuje\/","datePublished":"2020-01-19","dateModified":"2020-01-19","mainEntityOfPage":"https:\/\/www.meu.sk\/nepravidelne-slovesa-odkial-pochadzaju-a-preco-ich-anglictina-potrebuje\/","author":{"@type":"Person","@id":"https:\/\/www.meu.sk\/author\/#Person","name":"","url":"https:\/\/www.meu.sk\/author\/","identifier":1,"image":{"@type":"ImageObject","@id":"https:\/\/secure.gravatar.com\/avatar\/ed80251b84ed676fcd71ef963d220ceeed5d461f9c4be55eee40f0fa01d17ef9?s=96&d=mm&r=g","url":"https:\/\/secure.gravatar.com\/avatar\/ed80251b84ed676fcd71ef963d220ceeed5d461f9c4be55eee40f0fa01d17ef9?s=96&d=mm&r=g","height":96,"width":96}},"publisher":{"@type":"Organization","name":"meu.sk","logo":{"@type":"ImageObject","@id":"\/logo.png","url":"\/logo.png","width":600,"height":60}},"image":{"@type":"ImageObject","@id":"https:\/\/www.meu.sk\/wp-content\/uploads\/img_a309443_w16726_t1579513469.png","url":"https:\/\/www.meu.sk\/wp-content\/uploads\/img_a309443_w16726_t1579513469.png","height":0,"width":0},"keywords":null},{"@type":"Article","@id":"https:\/\/www.meu.sk\/na-co-mysliet-pri-zavadzani-osvetlenia-na-zahradu\/","headline":"Na \u010do myslie\u0165 pri zav\u00e1dzan\u00ed osvetlenia na z\u00e1hradu","url":"https:\/\/www.meu.sk\/na-co-mysliet-pri-zavadzani-osvetlenia-na-zahradu\/","datePublished":"2019-11-08","dateModified":"2019-11-08","mainEntityOfPage":"https:\/\/www.meu.sk\/na-co-mysliet-pri-zavadzani-osvetlenia-na-zahradu\/","author":{"@type":"Person","@id":"https:\/\/www.meu.sk\/author\/#Person","name":"","url":"https:\/\/www.meu.sk\/author\/","identifier":1,"image":{"@type":"ImageObject","@id":"https:\/\/secure.gravatar.com\/avatar\/ed80251b84ed676fcd71ef963d220ceeed5d461f9c4be55eee40f0fa01d17ef9?s=96&d=mm&r=g","url":"https:\/\/secure.gravatar.com\/avatar\/ed80251b84ed676fcd71ef963d220ceeed5d461f9c4be55eee40f0fa01d17ef9?s=96&d=mm&r=g","height":96,"width":96}},"publisher":{"@type":"Organization","name":"meu.sk","logo":{"@type":"ImageObject","@id":"\/logo.png","url":"\/logo.png","width":600,"height":60}},"image":{"@type":"ImageObject","@id":"https:\/\/www.meu.sk\/wp-content\/uploads\/img_a309320_w16726_t1579019794.jpg","url":"https:\/\/www.meu.sk\/wp-content\/uploads\/img_a309320_w16726_t1579019794.jpg","height":0,"width":0},"keywords":null},{"@type":"Article","@id":"https:\/\/www.meu.sk\/co-sa-skryva-pod-nazvom-masaz-penisu\/","headline":"\u010co sa skr\u00fdva pod n\u00e1zvom \u201emas\u00e1\u017e penisu\u201c?","url":"https:\/\/www.meu.sk\/co-sa-skryva-pod-nazvom-masaz-penisu\/","datePublished":"2019-10-23","dateModified":"2023-10-31","mainEntityOfPage":"https:\/\/www.meu.sk\/co-sa-skryva-pod-nazvom-masaz-penisu\/","author":{"@type":"Person","@id":"https:\/\/www.meu.sk\/author\/#Person","name":"","url":"https:\/\/www.meu.sk\/author\/","identifier":1,"image":{"@type":"ImageObject","@id":"https:\/\/secure.gravatar.com\/avatar\/ed80251b84ed676fcd71ef963d220ceeed5d461f9c4be55eee40f0fa01d17ef9?s=96&d=mm&r=g","url":"https:\/\/secure.gravatar.com\/avatar\/ed80251b84ed676fcd71ef963d220ceeed5d461f9c4be55eee40f0fa01d17ef9?s=96&d=mm&r=g","height":96,"width":96}},"publisher":{"@type":"Organization","name":"meu.sk","logo":{"@type":"ImageObject","@id":"\/logo.png","url":"\/logo.png","width":600,"height":60}},"image":{"@type":"ImageObject","@id":"https:\/\/www.meu.sk\/wp-content\/uploads\/img_a308749_w16726_t1575743241.jpg","url":"https:\/\/www.meu.sk\/wp-content\/uploads\/img_a308749_w16726_t1575743241.jpg","height":0,"width":0},"keywords":null},{"@type":"Article","@id":"https:\/\/www.meu.sk\/nastal-cas-na-ochranu-osobnych-udajov-v-buducnosti\/","headline":"Nastal \u010das na ochranu osobn\u00fdch \u00fadajov v bud\u00facnosti","url":"https:\/\/www.meu.sk\/nastal-cas-na-ochranu-osobnych-udajov-v-buducnosti\/","datePublished":"2019-08-23","dateModified":"2019-08-23","mainEntityOfPage":"https:\/\/www.meu.sk\/nastal-cas-na-ochranu-osobnych-udajov-v-buducnosti\/","author":{"@type":"Person","@id":"https:\/\/www.meu.sk\/author\/#Person","name":"","url":"https:\/\/www.meu.sk\/author\/","identifier":1,"image":{"@type":"ImageObject","@id":"https:\/\/secure.gravatar.com\/avatar\/ed80251b84ed676fcd71ef963d220ceeed5d461f9c4be55eee40f0fa01d17ef9?s=96&d=mm&r=g","url":"https:\/\/secure.gravatar.com\/avatar\/ed80251b84ed676fcd71ef963d220ceeed5d461f9c4be55eee40f0fa01d17ef9?s=96&d=mm&r=g","height":96,"width":96}},"publisher":{"@type":"Organization","name":"meu.sk","logo":{"@type":"ImageObject","@id":"\/logo.png","url":"\/logo.png","width":600,"height":60}},"image":{"@type":"ImageObject","@id":"https:\/\/www.meu.sk\/wp-content\/uploads\/img_a305867_w16726_t1567494827.jpg","url":"https:\/\/www.meu.sk\/wp-content\/uploads\/img_a305867_w16726_t1567494827.jpg","height":0,"width":0},"keywords":null},{"@type":"Article","@id":"https:\/\/www.meu.sk\/tri-zakladne-pojmy-ktore-musite-ovladat-pri-seo-optimalizacii\/","headline":"Tri z\u00e1kladn\u00e9 pojmy, ktor\u00e9 mus\u00edte ovl\u00e1da\u0165 pri SEO optimaliz\u00e1cii","url":"https:\/\/www.meu.sk\/tri-zakladne-pojmy-ktore-musite-ovladat-pri-seo-optimalizacii\/","datePublished":"2019-06-26","dateModified":"2024-06-07","mainEntityOfPage":"https:\/\/www.meu.sk\/tri-zakladne-pojmy-ktore-musite-ovladat-pri-seo-optimalizacii\/","author":{"@type":"Person","@id":"https:\/\/www.meu.sk\/author\/#Person","name":"","url":"https:\/\/www.meu.sk\/author\/","identifier":1,"image":{"@type":"ImageObject","@id":"https:\/\/secure.gravatar.com\/avatar\/ed80251b84ed676fcd71ef963d220ceeed5d461f9c4be55eee40f0fa01d17ef9?s=96&d=mm&r=g","url":"https:\/\/secure.gravatar.com\/avatar\/ed80251b84ed676fcd71ef963d220ceeed5d461f9c4be55eee40f0fa01d17ef9?s=96&d=mm&r=g","height":96,"width":96}},"publisher":{"@type":"Organization","name":"meu.sk","logo":{"@type":"ImageObject","@id":"\/logo.png","url":"\/logo.png","width":600,"height":60}},"image":{"@type":"ImageObject","@id":"https:\/\/www.meu.sk\/wp-content\/uploads\/img_a307804_w16828_t1572276940.png","url":"https:\/\/www.meu.sk\/wp-content\/uploads\/img_a307804_w16828_t1572276940.png","height":0,"width":0},"keywords":null},{"@type":"Article","@id":"https:\/\/www.meu.sk\/su-vase-instagramove-pribehy-rentabilne\/","headline":"S\u00fa va\u0161e instagramov\u00e9 pr\u00edbehy rentabiln\u00e9?","url":"https:\/\/www.meu.sk\/su-vase-instagramove-pribehy-rentabilne\/","datePublished":"2019-05-25","dateModified":"2019-05-25","mainEntityOfPage":"https:\/\/www.meu.sk\/su-vase-instagramove-pribehy-rentabilne\/","author":{"@type":"Person","@id":"https:\/\/www.meu.sk\/author\/#Person","name":"","url":"https:\/\/www.meu.sk\/author\/","identifier":1,"image":{"@type":"ImageObject","@id":"https:\/\/secure.gravatar.com\/avatar\/ed80251b84ed676fcd71ef963d220ceeed5d461f9c4be55eee40f0fa01d17ef9?s=96&d=mm&r=g","url":"https:\/\/secure.gravatar.com\/avatar\/ed80251b84ed676fcd71ef963d220ceeed5d461f9c4be55eee40f0fa01d17ef9?s=96&d=mm&r=g","height":96,"width":96}},"publisher":{"@type":"Organization","name":"meu.sk","logo":{"@type":"ImageObject","@id":"\/logo.png","url":"\/logo.png","width":600,"height":60}},"image":{"@type":"ImageObject","@id":"https:\/\/www.meu.sk\/wp-content\/uploads\/img_a302112_w16726_t1560870710.jpg","url":"https:\/\/www.meu.sk\/wp-content\/uploads\/img_a302112_w16726_t1560870710.jpg","height":0,"width":0},"keywords":null},{"@type":"Article","@id":"https:\/\/www.meu.sk\/co-je-pre-vas-najlepsie\/","headline":"\u010co je pre v\u00e1s najlep\u0161ie?","url":"https:\/\/www.meu.sk\/co-je-pre-vas-najlepsie\/","datePublished":"2019-05-11","dateModified":"2023-10-29","mainEntityOfPage":"https:\/\/www.meu.sk\/co-je-pre-vas-najlepsie\/","author":{"@type":"Person","@id":"https:\/\/www.meu.sk\/author\/#Person","name":"","url":"https:\/\/www.meu.sk\/author\/","identifier":1,"image":{"@type":"ImageObject","@id":"https:\/\/secure.gravatar.com\/avatar\/ed80251b84ed676fcd71ef963d220ceeed5d461f9c4be55eee40f0fa01d17ef9?s=96&d=mm&r=g","url":"https:\/\/secure.gravatar.com\/avatar\/ed80251b84ed676fcd71ef963d220ceeed5d461f9c4be55eee40f0fa01d17ef9?s=96&d=mm&r=g","height":96,"width":96}},"publisher":{"@type":"Organization","name":"meu.sk","logo":{"@type":"ImageObject","@id":"\/logo.png","url":"\/logo.png","width":600,"height":60}},"image":{"@type":"ImageObject","@id":"https:\/\/www.meu.sk\/wp-content\/uploads\/img_a307184_w16726_t1570635146.jpg","url":"https:\/\/www.meu.sk\/wp-content\/uploads\/img_a307184_w16726_t1570635146.jpg","height":0,"width":0},"keywords":null},{"@type":"Article","@id":"https:\/\/www.meu.sk\/nebojte-sa-vyriesit-kazdy-problem\/","headline":"Nebojte sa vyrie\u0161i\u0165 ka\u017ed\u00fd probl\u00e9m","url":"https:\/\/www.meu.sk\/nebojte-sa-vyriesit-kazdy-problem\/","datePublished":"2018-12-01","dateModified":"2018-12-01","mainEntityOfPage":"https:\/\/www.meu.sk\/nebojte-sa-vyriesit-kazdy-problem\/","author":{"@type":"Person","@id":"https:\/\/www.meu.sk\/author\/#Person","name":"","url":"https:\/\/www.meu.sk\/author\/","identifier":1,"image":{"@type":"ImageObject","@id":"https:\/\/secure.gravatar.com\/avatar\/ed80251b84ed676fcd71ef963d220ceeed5d461f9c4be55eee40f0fa01d17ef9?s=96&d=mm&r=g","url":"https:\/\/secure.gravatar.com\/avatar\/ed80251b84ed676fcd71ef963d220ceeed5d461f9c4be55eee40f0fa01d17ef9?s=96&d=mm&r=g","height":96,"width":96}},"publisher":{"@type":"Organization","name":"meu.sk","logo":{"@type":"ImageObject","@id":"\/logo.png","url":"\/logo.png","width":600,"height":60}},"image":{"@type":"ImageObject","@id":"https:\/\/www.meu.sk\/wp-content\/uploads\/img_a294578_w16469_t1544698614.jpg","url":"https:\/\/www.meu.sk\/wp-content\/uploads\/img_a294578_w16469_t1544698614.jpg","height":0,"width":0},"keywords":null},{"@type":"Article","@id":"https:\/\/www.meu.sk\/bez-vozidla-to-proste-nejde\/","headline":"Bez vozidla to proste nejde","url":"https:\/\/www.meu.sk\/bez-vozidla-to-proste-nejde\/","datePublished":"2018-09-26","dateModified":"2018-09-26","mainEntityOfPage":"https:\/\/www.meu.sk\/bez-vozidla-to-proste-nejde\/","author":{"@type":"Person","@id":"https:\/\/www.meu.sk\/author\/#Person","name":"","url":"https:\/\/www.meu.sk\/author\/","identifier":1,"image":{"@type":"ImageObject","@id":"https:\/\/secure.gravatar.com\/avatar\/ed80251b84ed676fcd71ef963d220ceeed5d461f9c4be55eee40f0fa01d17ef9?s=96&d=mm&r=g","url":"https:\/\/secure.gravatar.com\/avatar\/ed80251b84ed676fcd71ef963d220ceeed5d461f9c4be55eee40f0fa01d17ef9?s=96&d=mm&r=g","height":96,"width":96}},"publisher":{"@type":"Organization","name":"meu.sk","logo":{"@type":"ImageObject","@id":"\/logo.png","url":"\/logo.png","width":600,"height":60}},"image":{"@type":"ImageObject","@id":"https:\/\/www.meu.sk\/wp-content\/uploads\/img_a291134_w16560_t1537340978.jpg","url":"https:\/\/www.meu.sk\/wp-content\/uploads\/img_a291134_w16560_t1537340978.jpg","height":0,"width":0},"keywords":null}]}