[{"@context":"https:\/\/schema.org\/","@type":"Article","@id":"https:\/\/www.meu.sk\/co-je-podla-zien-dolezite\/#Article","mainEntityOfPage":"https:\/\/www.meu.sk\/co-je-podla-zien-dolezite\/","headline":"\u010co je pod\u013ea \u017eien d\u00f4le\u017eit\u00e9?","name":"\u010co je pod\u013ea \u017eien d\u00f4le\u017eit\u00e9?","description":"Pre\u010do sa \u017eeny \u010dasto zaoberaj\u00fa vecami, ktor\u00e9 in\u00ed \u013eudia absol\u00fatne nerie\u0161ia? Stretli ste sa s t\u00fdm u\u017e niekedy? Je ve\u013emi d\u00f4le\u017eit\u00e9, aby ste si uvedomili, \u017ee ob\u010das je skuto\u010dne \u0165a\u017ek\u00e9 zisti\u0165, \u010do je podstatn\u00e9 a \u010do by ste naopak nemuseli rie\u0161i\u0165. No napriek tomu si mus\u00edte pam\u00e4ta\u0165, \u017ee niektor\u00e9 veci s\u00fa prioritn\u00e9 a niektor\u00e9 zase [&hellip;]","datePublished":"2018-03-22","dateModified":"2018-03-22","author":{"@type":"Person","@id":"https:\/\/www.meu.sk\/author\/#Person","name":"","url":"https:\/\/www.meu.sk\/author\/","identifier":1,"image":{"@type":"ImageObject","@id":"https:\/\/secure.gravatar.com\/avatar\/ed80251b84ed676fcd71ef963d220ceeed5d461f9c4be55eee40f0fa01d17ef9?s=96&d=mm&r=g","url":"https:\/\/secure.gravatar.com\/avatar\/ed80251b84ed676fcd71ef963d220ceeed5d461f9c4be55eee40f0fa01d17ef9?s=96&d=mm&r=g","height":96,"width":96}},"publisher":{"@type":"Organization","name":"meu.sk","logo":{"@type":"ImageObject","@id":"\/logo.png","url":"\/logo.png","width":600,"height":60}},"image":{"@type":"ImageObject","@id":"https:\/\/www.meu.sk\/wp-content\/uploads\/img_a287286_w2014_t1524726719.jpg","url":"https:\/\/www.meu.sk\/wp-content\/uploads\/img_a287286_w2014_t1524726719.jpg","height":0,"width":0},"url":"https:\/\/www.meu.sk\/co-je-podla-zien-dolezite\/","about":["V\u00fdrobky"],"wordCount":427,"articleBody":"Pre\u010do sa \u017eeny \u010dasto zaoberaj\u00fa vecami, ktor\u00e9 in\u00ed \u013eudia absol\u00fatne nerie\u0161ia? Stretli ste sa s t\u00fdm u\u017e niekedy? Je ve\u013emi d\u00f4le\u017eit\u00e9, aby ste si uvedomili, \u017ee ob\u010das je skuto\u010dne \u0165a\u017ek\u00e9 zisti\u0165, \u010do je podstatn\u00e9 a \u010do by ste naopak nemuseli rie\u0161i\u0165. No napriek tomu si mus\u00edte pam\u00e4ta\u0165, \u017ee niektor\u00e9 veci s\u00fa prioritn\u00e9 a niektor\u00e9 zase ani len z\u010faleka. Ke\u010f sa nad t\u00fdm tak zamysl\u00edte, ur\u010dite pr\u00eddete na to, \u017ee ve\u013emi ve\u013ea \u017eien sa zaober\u00e1 hlavne t\u00fdm, ako vyzer\u00e1 a nemysl\u00ed na to, \u017ee vlastne mysl\u00ed na \u00fapln\u00e9 hl\u00faposti, ktor\u00e9 v ich \u017eivote nie s\u00fa ani z\u010faleka tie podstatn\u00e9. Ke\u010f za\u010dnete rozm\u00fd\u0161\u013ea\u0165 nad t\u00fdm, \u010do je vo va\u0161om \u017eivote naozaj d\u00f4le\u017eit\u00e9, uvedom\u00edte si, \u017ee to mo\u017eno nie s\u00fa nechty a mo\u017eno to skuto\u010dne nie je ani ni\u010d, \u010do ste do tejto chv\u00edle pova\u017eovali za podstatn\u00e9 a d\u00f4le\u017eit\u00e9. Mo\u017eno pr\u00e1ve v tejto chv\u00edli viete, \u017ee ste doteraz rie\u0161ili iba hl\u00faposti, ktor\u00e9 v\u00e1\u0161 \u017eivot oberali o \u010das a o v\u0161etko, \u010do je vo va\u0161om \u017eivote naozaj d\u00f4le\u017eit\u00e9. Mo\u017eno ste si pr\u00e1ve v tejto chv\u00edli uvedomili, \u017ee nie je d\u00f4le\u017eit\u00e9, ak\u00fa m\u00e1te manik\u00faru. Nie je d\u00f4le\u017eit\u00e9, ako vlastne vyzer\u00e1te a je \u00faplne povrchov\u00e9, aby ste sa zaoberali t\u00fdm, \u010do \u013eudia pova\u017euj\u00fa za modern\u00e9.Je jasn\u00e9, \u017ee ka\u017ed\u00fd z n\u00e1s chce by\u0165 pova\u017eovan\u00fd za modern\u00e9ho a za pokrokov\u00e9ho, no napriek tomu mus\u00edte rozm\u00fd\u0161\u013ea\u0165 nad t\u00fdm, \u010do to vlastne pre v\u00e1s znamen\u00e1. Preto\u017ee, pre ka\u017ed\u00e9ho z n\u00e1s to znamen\u00e1 nie\u010do in\u00e9 a napriek tomu, \u017ee sa sna\u017e\u00edme ka\u017ed\u00e9mu vyhovie\u0165, najmenej vyhovujeme v\u017edy iba sebe. Tak\u017ee, pozastavte sa na mal\u00fa chv\u00ed\u013eu nad t\u00fdm, ako \u017eeny, ktor\u00e9 sa sna\u017eia \u017ei\u0165 svoj vlastn\u00fd \u017eivot. Myslite na to, \u017ee pr\u00e1ve vy ste bud\u00facnos\u0165 v\u0161etk\u00fdch \u017eien naokolo a pr\u00e1ve preto by ste mali dopredu uva\u017eova\u0165 o tom, kam vlastne bud\u00fa vies\u0165 va\u0161e kroky. Mo\u017eno v\u00e1m to nikdy nenapadlo, ale pr\u00e1ve v tejto chv\u00edli by rozhodne malo. Je to mo\u017eno \u0165a\u017ek\u00e9, ale samy ve\u013emi dobre uvid\u00edte, \u017ee je to ove\u013ea viac, ne\u017e len \u00fa\u010dinn\u00e9. V\u0161imnite si to samy a zbad\u00e1te to.                                                                                                                                                                                                                                                                                                                                                                                                "},{"@context":"https:\/\/schema.org\/","@type":"BreadcrumbList","itemListElement":[{"@type":"ListItem","position":1,"name":"\u010co je pod\u013ea \u017eien d\u00f4le\u017eit\u00e9?","item":"https:\/\/www.meu.sk\/co-je-podla-zien-dolezite\/#breadcrumbitem"}]}]