{"@context":"https:\/\/schema.org\/","@type":"CollectionPage","@id":"https:\/\/www.meu.sk\/cestovanie\/#CollectionPage","headline":"Cestovanie Category","description":"","url":"https:\/\/www.meu.sk\/cestovanie\/","hasPart":[{"@type":"Article","@id":"https:\/\/www.meu.sk\/deti-a-laska-k-prirode\/","headline":"Deti a l\u00e1ska k pr\u00edrode","url":"https:\/\/www.meu.sk\/deti-a-laska-k-prirode\/","datePublished":"2019-11-13","dateModified":"2019-11-13","mainEntityOfPage":"https:\/\/www.meu.sk\/deti-a-laska-k-prirode\/","author":{"@type":"Person","@id":"https:\/\/www.meu.sk\/author\/#Person","name":"","url":"https:\/\/www.meu.sk\/author\/","identifier":1,"image":{"@type":"ImageObject","@id":"https:\/\/secure.gravatar.com\/avatar\/ed80251b84ed676fcd71ef963d220ceeed5d461f9c4be55eee40f0fa01d17ef9?s=96&d=mm&r=g","url":"https:\/\/secure.gravatar.com\/avatar\/ed80251b84ed676fcd71ef963d220ceeed5d461f9c4be55eee40f0fa01d17ef9?s=96&d=mm&r=g","height":96,"width":96}},"publisher":{"@type":"Organization","name":"meu.sk","logo":{"@type":"ImageObject","@id":"\/logo.png","url":"\/logo.png","width":600,"height":60}},"image":{"@type":"ImageObject","@id":"https:\/\/www.meu.sk\/wp-content\/uploads\/img_a300655_w16681_t1557933364.jpg","url":"https:\/\/www.meu.sk\/wp-content\/uploads\/img_a300655_w16681_t1557933364.jpg","height":0,"width":0},"keywords":null},{"@type":"Article","@id":"https:\/\/www.meu.sk\/nechajte-sa-presvedcit-na-vylet-helikopterou-a-predostru-sa-vam-pohlady-ake-zo-zeme-neuvidite\/","headline":"Nechajte sa presved\u010di\u0165 na v\u00fdlet helikopt\u00e9rou a predostr\u00fa sa v\u00e1m poh\u013eady, ak\u00e9 zo zeme neuvid\u00edte.","url":"https:\/\/www.meu.sk\/nechajte-sa-presvedcit-na-vylet-helikopterou-a-predostru-sa-vam-pohlady-ake-zo-zeme-neuvidite\/","datePublished":"2019-09-15","dateModified":"2019-09-15","mainEntityOfPage":"https:\/\/www.meu.sk\/nechajte-sa-presvedcit-na-vylet-helikopterou-a-predostru-sa-vam-pohlady-ake-zo-zeme-neuvidite\/","author":{"@type":"Person","@id":"https:\/\/www.meu.sk\/author\/#Person","name":"","url":"https:\/\/www.meu.sk\/author\/","identifier":1,"image":{"@type":"ImageObject","@id":"https:\/\/secure.gravatar.com\/avatar\/ed80251b84ed676fcd71ef963d220ceeed5d461f9c4be55eee40f0fa01d17ef9?s=96&d=mm&r=g","url":"https:\/\/secure.gravatar.com\/avatar\/ed80251b84ed676fcd71ef963d220ceeed5d461f9c4be55eee40f0fa01d17ef9?s=96&d=mm&r=g","height":96,"width":96}},"publisher":{"@type":"Organization","name":"meu.sk","logo":{"@type":"ImageObject","@id":"\/logo.png","url":"\/logo.png","width":600,"height":60}},"image":{"@type":"ImageObject","@id":"https:\/\/www.meu.sk\/wp-content\/uploads\/img_a306339_w16726_t1568823237.jpg","url":"https:\/\/www.meu.sk\/wp-content\/uploads\/img_a306339_w16726_t1568823237.jpg","height":0,"width":0},"keywords":null},{"@type":"Article","@id":"https:\/\/www.meu.sk\/najkrajsie-hrady-ceskej-republiky\/","headline":"Najkraj\u0161ie hrady \u010ceskej republiky","url":"https:\/\/www.meu.sk\/najkrajsie-hrady-ceskej-republiky\/","datePublished":"2019-08-26","dateModified":"2019-08-26","mainEntityOfPage":"https:\/\/www.meu.sk\/najkrajsie-hrady-ceskej-republiky\/","author":{"@type":"Person","@id":"https:\/\/www.meu.sk\/author\/#Person","name":"","url":"https:\/\/www.meu.sk\/author\/","identifier":1,"image":{"@type":"ImageObject","@id":"https:\/\/secure.gravatar.com\/avatar\/ed80251b84ed676fcd71ef963d220ceeed5d461f9c4be55eee40f0fa01d17ef9?s=96&d=mm&r=g","url":"https:\/\/secure.gravatar.com\/avatar\/ed80251b84ed676fcd71ef963d220ceeed5d461f9c4be55eee40f0fa01d17ef9?s=96&d=mm&r=g","height":96,"width":96}},"publisher":{"@type":"Organization","name":"meu.sk","logo":{"@type":"ImageObject","@id":"\/logo.png","url":"\/logo.png","width":600,"height":60}},"image":{"@type":"ImageObject","@id":"https:\/\/www.meu.sk\/wp-content\/uploads\/img_a305879_w16726_t1567516225.jpg","url":"https:\/\/www.meu.sk\/wp-content\/uploads\/img_a305879_w16726_t1567516225.jpg","height":0,"width":0},"keywords":null},{"@type":"Article","@id":"https:\/\/www.meu.sk\/posledna-sanca-na-letnu-dovolenku\/","headline":"Posledn\u00e1 \u0161anca na letn\u00fa dovolenku","url":"https:\/\/www.meu.sk\/posledna-sanca-na-letnu-dovolenku\/","datePublished":"2019-08-16","dateModified":"2019-08-16","mainEntityOfPage":"https:\/\/www.meu.sk\/posledna-sanca-na-letnu-dovolenku\/","author":{"@type":"Person","@id":"https:\/\/www.meu.sk\/author\/#Person","name":"","url":"https:\/\/www.meu.sk\/author\/","identifier":1,"image":{"@type":"ImageObject","@id":"https:\/\/secure.gravatar.com\/avatar\/ed80251b84ed676fcd71ef963d220ceeed5d461f9c4be55eee40f0fa01d17ef9?s=96&d=mm&r=g","url":"https:\/\/secure.gravatar.com\/avatar\/ed80251b84ed676fcd71ef963d220ceeed5d461f9c4be55eee40f0fa01d17ef9?s=96&d=mm&r=g","height":96,"width":96}},"publisher":{"@type":"Organization","name":"meu.sk","logo":{"@type":"ImageObject","@id":"\/logo.png","url":"\/logo.png","width":600,"height":60}},"image":{"@type":"ImageObject","@id":"https:\/\/www.meu.sk\/wp-content\/uploads\/img_a306867_w16726_t1569403177.jpg","url":"https:\/\/www.meu.sk\/wp-content\/uploads\/img_a306867_w16726_t1569403177.jpg","height":0,"width":0},"keywords":null},{"@type":"Article","@id":"https:\/\/www.meu.sk\/zamerajte-sa-na-radost\/","headline":"Zamerajte sa na rados\u0165","url":"https:\/\/www.meu.sk\/zamerajte-sa-na-radost\/","datePublished":"2019-02-25","dateModified":"2019-02-25","mainEntityOfPage":"https:\/\/www.meu.sk\/zamerajte-sa-na-radost\/","author":{"@type":"Person","@id":"https:\/\/www.meu.sk\/author\/#Person","name":"","url":"https:\/\/www.meu.sk\/author\/","identifier":1,"image":{"@type":"ImageObject","@id":"https:\/\/secure.gravatar.com\/avatar\/ed80251b84ed676fcd71ef963d220ceeed5d461f9c4be55eee40f0fa01d17ef9?s=96&d=mm&r=g","url":"https:\/\/secure.gravatar.com\/avatar\/ed80251b84ed676fcd71ef963d220ceeed5d461f9c4be55eee40f0fa01d17ef9?s=96&d=mm&r=g","height":96,"width":96}},"publisher":{"@type":"Organization","name":"meu.sk","logo":{"@type":"ImageObject","@id":"\/logo.png","url":"\/logo.png","width":600,"height":60}},"image":{"@type":"ImageObject","@id":"https:\/\/www.meu.sk\/wp-content\/uploads\/img_a297686_w16499_t1552293959.jpg","url":"https:\/\/www.meu.sk\/wp-content\/uploads\/img_a297686_w16499_t1552293959.jpg","height":0,"width":0},"keywords":null},{"@type":"Article","@id":"https:\/\/www.meu.sk\/pravdive-a-vtipne-fakty-o-muzoch\/","headline":"Pravdiv\u00e9 (a vtipn\u00e9) fakty o mu\u017eoch","url":"https:\/\/www.meu.sk\/pravdive-a-vtipne-fakty-o-muzoch\/","datePublished":"2019-02-09","dateModified":"2019-02-09","mainEntityOfPage":"https:\/\/www.meu.sk\/pravdive-a-vtipne-fakty-o-muzoch\/","author":{"@type":"Person","@id":"https:\/\/www.meu.sk\/author\/#Person","name":"","url":"https:\/\/www.meu.sk\/author\/","identifier":1,"image":{"@type":"ImageObject","@id":"https:\/\/secure.gravatar.com\/avatar\/ed80251b84ed676fcd71ef963d220ceeed5d461f9c4be55eee40f0fa01d17ef9?s=96&d=mm&r=g","url":"https:\/\/secure.gravatar.com\/avatar\/ed80251b84ed676fcd71ef963d220ceeed5d461f9c4be55eee40f0fa01d17ef9?s=96&d=mm&r=g","height":96,"width":96}},"publisher":{"@type":"Organization","name":"meu.sk","logo":{"@type":"ImageObject","@id":"\/logo.png","url":"\/logo.png","width":600,"height":60}},"image":{"@type":"ImageObject","@id":"https:\/\/www.meu.sk\/wp-content\/uploads\/img_a297059_w16624_t1550677894.jpg","url":"https:\/\/www.meu.sk\/wp-content\/uploads\/img_a297059_w16624_t1550677894.jpg","height":0,"width":0},"keywords":null},{"@type":"Article","@id":"https:\/\/www.meu.sk\/cervene-mesto-bologna\/","headline":"\u010cerven\u00e9 mesto Bologna","url":"https:\/\/www.meu.sk\/cervene-mesto-bologna\/","datePublished":"2018-12-11","dateModified":"2018-12-11","mainEntityOfPage":"https:\/\/www.meu.sk\/cervene-mesto-bologna\/","author":{"@type":"Person","@id":"https:\/\/www.meu.sk\/author\/#Person","name":"","url":"https:\/\/www.meu.sk\/author\/","identifier":1,"image":{"@type":"ImageObject","@id":"https:\/\/secure.gravatar.com\/avatar\/ed80251b84ed676fcd71ef963d220ceeed5d461f9c4be55eee40f0fa01d17ef9?s=96&d=mm&r=g","url":"https:\/\/secure.gravatar.com\/avatar\/ed80251b84ed676fcd71ef963d220ceeed5d461f9c4be55eee40f0fa01d17ef9?s=96&d=mm&r=g","height":96,"width":96}},"publisher":{"@type":"Organization","name":"meu.sk","logo":{"@type":"ImageObject","@id":"\/logo.png","url":"\/logo.png","width":600,"height":60}},"image":{"@type":"ImageObject","@id":"https:\/\/www.meu.sk\/wp-content\/uploads\/img_a296658_w16726_t1549900799.jpg","url":"https:\/\/www.meu.sk\/wp-content\/uploads\/img_a296658_w16726_t1549900799.jpg","height":0,"width":0},"keywords":null},{"@type":"Article","@id":"https:\/\/www.meu.sk\/problem-s-nazvom-predcasna-ejakulacia\/","headline":"Probl\u00e9m s n\u00e1zvom pred\u010dasn\u00e1 ejakul\u00e1cia","url":"https:\/\/www.meu.sk\/problem-s-nazvom-predcasna-ejakulacia\/","datePublished":"2018-12-01","dateModified":"2018-12-01","mainEntityOfPage":"https:\/\/www.meu.sk\/problem-s-nazvom-predcasna-ejakulacia\/","author":{"@type":"Person","@id":"https:\/\/www.meu.sk\/author\/#Person","name":"","url":"https:\/\/www.meu.sk\/author\/","identifier":1,"image":{"@type":"ImageObject","@id":"https:\/\/secure.gravatar.com\/avatar\/ed80251b84ed676fcd71ef963d220ceeed5d461f9c4be55eee40f0fa01d17ef9?s=96&d=mm&r=g","url":"https:\/\/secure.gravatar.com\/avatar\/ed80251b84ed676fcd71ef963d220ceeed5d461f9c4be55eee40f0fa01d17ef9?s=96&d=mm&r=g","height":96,"width":96}},"publisher":{"@type":"Organization","name":"meu.sk","logo":{"@type":"ImageObject","@id":"\/logo.png","url":"\/logo.png","width":600,"height":60}},"image":{"@type":"ImageObject","@id":"https:\/\/www.meu.sk\/wp-content\/uploads\/img_a295676_w16500_t1547640151.png","url":"https:\/\/www.meu.sk\/wp-content\/uploads\/img_a295676_w16500_t1547640151.png","height":0,"width":0},"keywords":null},{"@type":"Article","@id":"https:\/\/www.meu.sk\/nezaujem-o-sex-zo-strany-muzov\/","headline":"Nez\u00e1ujem o sex zo strany mu\u017eov?","url":"https:\/\/www.meu.sk\/nezaujem-o-sex-zo-strany-muzov\/","datePublished":"2018-11-05","dateModified":"2018-11-05","mainEntityOfPage":"https:\/\/www.meu.sk\/nezaujem-o-sex-zo-strany-muzov\/","author":{"@type":"Person","@id":"https:\/\/www.meu.sk\/author\/#Person","name":"","url":"https:\/\/www.meu.sk\/author\/","identifier":1,"image":{"@type":"ImageObject","@id":"https:\/\/secure.gravatar.com\/avatar\/ed80251b84ed676fcd71ef963d220ceeed5d461f9c4be55eee40f0fa01d17ef9?s=96&d=mm&r=g","url":"https:\/\/secure.gravatar.com\/avatar\/ed80251b84ed676fcd71ef963d220ceeed5d461f9c4be55eee40f0fa01d17ef9?s=96&d=mm&r=g","height":96,"width":96}},"publisher":{"@type":"Organization","name":"meu.sk","logo":{"@type":"ImageObject","@id":"\/logo.png","url":"\/logo.png","width":600,"height":60}},"image":{"@type":"ImageObject","@id":"https:\/\/www.meu.sk\/wp-content\/uploads\/img_a294057_w16644_t1543439708.jpg","url":"https:\/\/www.meu.sk\/wp-content\/uploads\/img_a294057_w16644_t1543439708.jpg","height":0,"width":0},"keywords":null},{"@type":"Article","@id":"https:\/\/www.meu.sk\/v-detskych-izbach-nechybaju-poschodove-postele\/","headline":"V detsk\u00fdch izb\u00e1ch nech\u00fdbaj\u00fa poschodov\u00e9 postele","url":"https:\/\/www.meu.sk\/v-detskych-izbach-nechybaju-poschodove-postele\/","datePublished":"2017-04-07","dateModified":"2017-04-07","mainEntityOfPage":"https:\/\/www.meu.sk\/v-detskych-izbach-nechybaju-poschodove-postele\/","author":{"@type":"Person","@id":"https:\/\/www.meu.sk\/author\/#Person","name":"","url":"https:\/\/www.meu.sk\/author\/","identifier":1,"image":{"@type":"ImageObject","@id":"https:\/\/secure.gravatar.com\/avatar\/ed80251b84ed676fcd71ef963d220ceeed5d461f9c4be55eee40f0fa01d17ef9?s=96&d=mm&r=g","url":"https:\/\/secure.gravatar.com\/avatar\/ed80251b84ed676fcd71ef963d220ceeed5d461f9c4be55eee40f0fa01d17ef9?s=96&d=mm&r=g","height":96,"width":96}},"publisher":{"@type":"Organization","name":"meu.sk","logo":{"@type":"ImageObject","@id":"\/logo.png","url":"\/logo.png","width":600,"height":60}},"image":{"@type":"ImageObject","@id":"https:\/\/www.meu.sk\/wp-content\/uploads\/img_a281074_w2025_t1497855415.jpg","url":"https:\/\/www.meu.sk\/wp-content\/uploads\/img_a281074_w2025_t1497855415.jpg","height":0,"width":0},"keywords":null}]}