[{"@context":"https:\/\/schema.org\/","@type":"Article","@id":"https:\/\/www.meu.sk\/aby-manikura-hovorila-za-vas\/#Article","mainEntityOfPage":"https:\/\/www.meu.sk\/aby-manikura-hovorila-za-vas\/","headline":"Aby manik\u00fara hovorila za v\u00e1s","name":"Aby manik\u00fara hovorila za v\u00e1s","description":"\u0164a\u017eko poveda\u0165, \u010do je pre kr\u00e1su \u017eeny to najd\u00f4le\u017eitej\u0161ie. Asi je to sk\u00f4r pod\u013ea vkusu a pod\u013ea preferenci\u00ed. Vo v\u0161eobecnosti v\u0161ak plat\u00ed, \u017ee ka\u017ed\u00e1 z n\u00e1s si d\u00e1 z\u00e1le\u017ea\u0165 na nie\u010dom inom. Raz je to \u00fa\u010des, raz je to viz\u00e1\u017e, raz je to oble\u010denie. Sme jednoducho pln\u00e9 rozhodnut\u00ed a hlavne prekvapen\u00ed. Je jasn\u00e9, \u017ee nie [&hellip;]","datePublished":"2017-11-08","dateModified":"2017-11-08","author":{"@type":"Person","@id":"https:\/\/www.meu.sk\/author\/#Person","name":"","url":"https:\/\/www.meu.sk\/author\/","identifier":1,"image":{"@type":"ImageObject","@id":"https:\/\/secure.gravatar.com\/avatar\/ed80251b84ed676fcd71ef963d220ceeed5d461f9c4be55eee40f0fa01d17ef9?s=96&d=mm&r=g","url":"https:\/\/secure.gravatar.com\/avatar\/ed80251b84ed676fcd71ef963d220ceeed5d461f9c4be55eee40f0fa01d17ef9?s=96&d=mm&r=g","height":96,"width":96}},"publisher":{"@type":"Organization","name":"meu.sk","logo":{"@type":"ImageObject","@id":"\/logo.png","url":"\/logo.png","width":600,"height":60}},"image":{"@type":"ImageObject","@id":"https:\/\/www.meu.sk\/wp-content\/uploads\/img_a283860_w16466_t1513769373.jpg","url":"https:\/\/www.meu.sk\/wp-content\/uploads\/img_a283860_w16466_t1513769373.jpg","height":0,"width":0},"url":"https:\/\/www.meu.sk\/aby-manikura-hovorila-za-vas\/","about":["V\u00fdrobky"],"wordCount":413,"articleBody":"\u0164a\u017eko poveda\u0165, \u010do je pre kr\u00e1su \u017eeny to najd\u00f4le\u017eitej\u0161ie. Asi je to sk\u00f4r pod\u013ea vkusu a pod\u013ea preferenci\u00ed. Vo v\u0161eobecnosti v\u0161ak plat\u00ed, \u017ee ka\u017ed\u00e1 z n\u00e1s si d\u00e1 z\u00e1le\u017ea\u0165 na nie\u010dom inom. Raz je to \u00fa\u010des, raz je to viz\u00e1\u017e, raz je to oble\u010denie. Sme jednoducho pln\u00e9 rozhodnut\u00ed a hlavne prekvapen\u00ed. Je jasn\u00e9, \u017ee nie ka\u017ed\u00e1 z n\u00e1s to tak c\u00edti. No \u010dasto sa st\u00e1va, \u017ee zab\u00fadame na nie\u010do, \u010do je tie\u017e s\u00fa\u010das\u0165ou n\u00e1\u0161ho celkov\u00e9ho vzh\u013eadu. Je zauj\u00edmav\u00e9 sa na to pozrie\u0165 z in\u00e9ho poh\u013eadu. No verte tomu, \u017ee ke\u010f sa na to raz pozriete inak, budete spokojnej\u0161ia. A teraz \u00faprimne, ako \u010dasto si kontrolujete va\u0161e nechty? Je jasn\u00e9, \u017ee niektor\u00e9 \u017eeny na to maj\u00fa vyslovene \u00fachylku, no mnoh\u00e9 z n\u00e1s sa manik\u00farou absol\u00fatne nezaoberaj\u00fa. Nemus\u00edme asi pripom\u00edna\u0165, ak\u00e1 je to ve\u013ek\u00e1 chyba alebo \u00e1no? Je jednozna\u010dn\u00e9, \u017ee nie v\u017edy m\u00e1me \u010das zaobera\u0165 sa nie\u010d\u00edm tak\u00fdmto. Mnoh\u00e9 \u017eeny to pova\u017euj\u00fa za mali\u010dkos\u0165. No v\u00e4\u010d\u0161ine je jasn\u00e9, \u017ee pr\u00e1ve tieto \u017eeny sa skuto\u010dne m\u00fdlia. Staranie sa o manik\u00faru by sme mo\u017eno nemohli zaradi\u0165 medzi tie najd\u00f4le\u017eitej\u0161ie veci, no ur\u010dite by sme ju nemali podce\u0148ova\u0165, a to je n\u00e1m v\u0161etk\u00fdm jasn\u00e9, no nie?Manik\u00fara by sa teda rozhodne mala sta\u0165 nie\u010d\u00edm, \u010d\u00edm sa za\u010dnete zaobera\u0165. Najlep\u0161ie na tom je, \u017ee m\u00e1te skuto\u010dne ohromn\u00e9 mno\u017estvo mo\u017enost\u00ed, tak\u017ee sa nem\u00f4\u017ee sta\u0165, \u017ee sa budete nudi\u0165. Ak sa neviete rozhodn\u00fa\u0165, jednoducho sk\u00fa\u0161ajte. Nikdy neviete, ktor\u00e1 manik\u00fara bude pre v\u00e1s t\u00e1 prav\u00e1. Ktor\u00e1 u\u010daruje v\u00e1\u0161mu srdcu a budete presved\u010den\u00e1, \u017ee pr\u00e1ve toto je nie\u010do, \u010do vymysleli pr\u00e1ve pre v\u00e1s. Je jasn\u00e9, \u017ee mo\u017eno v\u00e1m bude trva\u0165, k\u00fdm n\u00e1jdete t\u00fa prav\u00fa. Ale na dobr\u00e9 sa predsa oplat\u00ed \u010daka\u0165, nemysl\u00edte? A pr\u00e1ve z tohto d\u00f4vodu mus\u00edte myslie\u0165 na to, \u017ee ju raz n\u00e1jdete. \u010ci to bude g\u00e9l, g\u00e9l lak alebo umel\u00e9 nechty. Podstatn\u00e9 je, \u017ee n\u00e1jdete vzor, ktor\u00fd bude bl\u00edzky v\u00e1\u0161mu srdcu a bude vystihova\u0165 va\u0161u osobnos\u0165. To v\u00e1s bude te\u0161i\u0165 \u00faplne najviac.                                                                                                                                                                                                                                                                                                                                                                                        5\/5 - (2 votes)        "},{"@context":"https:\/\/schema.org\/","@type":"BreadcrumbList","itemListElement":[{"@type":"ListItem","position":1,"name":"Aby manik\u00fara hovorila za v\u00e1s","item":"https:\/\/www.meu.sk\/aby-manikura-hovorila-za-vas\/#breadcrumbitem"}]}]